{"id":405,"date":"2014-01-30T15:59:54","date_gmt":"2014-01-30T13:59:54","guid":{"rendered":"https:\/\/www.developtravel.gr\/?p=405"},"modified":"2014-02-03T11:35:58","modified_gmt":"2014-02-03T09:35:58","slug":"fr-le-continent-et-les-cyclade","status":"publish","type":"post","link":"https:\/\/www.developtravel.gr\/fr\/fr-le-continent-et-les-cyclade\/","title":{"rendered":"Le continent et les Cyclades du nord"},"content":{"rendered":"<p><\/p>\n<h3 style=\"text-align: center;\">Programme scolaire pour groupe sur demande<\/h3>\n<h3 style=\"text-align: center;\">Le continent et les Cyclades du nord<\/h3>\n<h4>Pour la d\u00e9couverte des Cyclades du nord et celle des tr\u00e9sors arch\u00e9ologiques du continent, nous avons un programme tr\u00e8s original qui permet de voir Delphes, les sites arch\u00e9ologiques de Myc\u00e8nes et d\u2019Epidaure, Nauplie, l\u2019ancienne capitale de la Gr\u00e8ce, mais aussi les iles de Tinos et Mykonos, le c\u00e9l\u00e8bre site arch\u00e9ologique sur l\u2019ile de D\u00e9los et puis les visites des iles du golf saronique : Hydra et Spetses.<\/h4>\n<ul>\n<li>Arriv\u00e9e et d\u00e9part \u00e0 l\u2019a\u00e9roport d\u2019Ath\u00e8nes<\/li>\n<li>Ce programme de 8 jours comprend 7 nuits en demi-pension dans des h\u00f4tels 3* ou \u00e9quivalent.<\/li>\n<li>Le logement est pr\u00e9vu en chambre de 3 ou 4 personnes pour les jeunes et chambre de 2 personnes ou single pour les enseignants.<\/li>\n<li>Tous les transferts et excursions sont inclus \u00e0 partir de l\u2019a\u00e9roport d\u2019Ath\u00e8nes.<\/li>\n<li>Pension compl\u00e8te possible.<\/li>\n<li>Guide sur demande<\/li>\n<li>\n<h4>contactez nous pour obtenir plus le programme complet et un devis pour votre groupe<\/h4>\n<\/li>\n<\/ul>\n<p><\/p>","protected":false},"excerpt":{"rendered":"<p>Programme scolaire pour groupe sur demande Le continent et les Cyclades du nord Pour la d\u00e9couverte des Cyclades du nord et celle des tr\u00e9sors arch\u00e9ologiques du continent, nous avons un programme tr\u00e8s original qui permet de voir Delphes, les sites arch\u00e9ologiques de Myc\u00e8nes et d\u2019Epidaure, Nauplie, l\u2019ancienne capitale de la Gr\u00e8ce, mais aussi les iles [&hellip;]<\/p>\n","protected":false},"author":2,"featured_media":406,"comment_status":"closed","ping_status":"closed","sticky":false,"template":"","format":"standard","meta":[],"categories":[37],"tags":[69,42,68,43,66],"_links":{"self":[{"href":"https:\/\/www.developtravel.gr\/fr\/wp-json\/wp\/v2\/posts\/405"}],"collection":[{"href":"https:\/\/www.developtravel.gr\/fr\/wp-json\/wp\/v2\/posts"}],"about":[{"href":"https:\/\/www.developtravel.gr\/fr\/wp-json\/wp\/v2\/types\/post"}],"author":[{"embeddable":true,"href":"https:\/\/www.developtravel.gr\/fr\/wp-json\/wp\/v2\/users\/2"}],"replies":[{"embeddable":true,"href":"https:\/\/www.developtravel.gr\/fr\/wp-json\/wp\/v2\/comments?post=405"}],"version-history":[{"count":0,"href":"https:\/\/www.developtravel.gr\/fr\/wp-json\/wp\/v2\/posts\/405\/revisions"}],"wp:featuredmedia":[{"embeddable":true,"href":"https:\/\/www.developtravel.gr\/fr\/wp-json\/wp\/v2\/media\/406"}],"wp:attachment":[{"href":"https:\/\/www.developtravel.gr\/fr\/wp-json\/wp\/v2\/media?parent=405"}],"wp:term":[{"taxonomy":"category","embeddable":true,"href":"https:\/\/www.developtravel.gr\/fr\/wp-json\/wp\/v2\/categories?post=405"},{"taxonomy":"post_tag","embeddable":true,"href":"https:\/\/www.developtravel.gr\/fr\/wp-json\/wp\/v2\/tags?post=405"}],"curies":[{"name":"wp","href":"https:\/\/api.w.org\/{rel}","templated":true}]}}